{"id":10450,"date":"2024-04-25T08:48:36","date_gmt":"2024-04-25T06:48:36","guid":{"rendered":"http:\/\/flashgeek.fr\/index.php\/2024\/04\/25\/apple-va-reduire-sa-production-de-casque-vision-pro\/"},"modified":"2024-04-25T08:48:36","modified_gmt":"2024-04-25T06:48:36","slug":"apple-va-reduire-sa-production-de-casque-vision-pro","status":"publish","type":"post","link":"https:\/\/flashgeek.fr\/index.php\/2024\/04\/25\/apple-va-reduire-sa-production-de-casque-vision-pro\/","title":{"rendered":"Apple va r\u00e9duire sa production de casque Vision Pro"},"content":{"rendered":"\n<figure class=\"wp-block-image size-large\"><img loading=\"lazy\" decoding=\"async\" width=\"1024\" height=\"576\" src=\"http:\/\/flashgeek.fr\/wp-content\/uploads\/2024\/04\/apple-wwdc23-vision-pro-rotation-2306058655709473395580199-1024x576.jpg\" alt=\"\" class=\"wp-image-10449\" srcset=\"https:\/\/flashgeek.fr\/wp-content\/uploads\/2024\/04\/apple-wwdc23-vision-pro-rotation-2306058655709473395580199-1024x576.jpg 1024w, https:\/\/flashgeek.fr\/wp-content\/uploads\/2024\/04\/apple-wwdc23-vision-pro-rotation-2306058655709473395580199-300x169.jpg 300w, https:\/\/flashgeek.fr\/wp-content\/uploads\/2024\/04\/apple-wwdc23-vision-pro-rotation-2306058655709473395580199-768x432.jpg 768w, https:\/\/flashgeek.fr\/wp-content\/uploads\/2024\/04\/apple-wwdc23-vision-pro-rotation-2306058655709473395580199-1536x864.jpg 1536w, https:\/\/flashgeek.fr\/wp-content\/uploads\/2024\/04\/apple-wwdc23-vision-pro-rotation-2306058655709473395580199.jpg 1920w\" sizes=\"auto, (max-width: 1024px) 100vw, 1024px\" \/><\/figure>\n\n\n\n<p>Selon un article publi\u00e9 sur le m\u00e9dia <a href=\"https:\/\/fr.ign.com\/apple-vision-pro\/69508\/news\/apple-reduirait-les-livraisons-dapple-vision-pro-en-raison-dune-demande-plus-basse-quespere\" target=\"_blank\" rel=\"noreferrer noopener\">IGN<\/a>, Apple va r\u00e9duire la production de son dernier casque de r\u00e9alit\u00e9 virtuelle, le Vision Pro, \u00e0 cause du nombre d\u00e9cevant de ventes.<\/p>\n\n\n\n<p>Initialement estim\u00e9e entre 700 000 et 800 000 unit\u00e9s livr\u00e9es en 2024, la firme Am\u00e9ricaine pr\u00e9voit d\u00e9sormais de ne livrer plus qu&rsquo;entre 400 000 et 450 000 unit\u00e9s.<\/p>\n\n\n\n<p>Lanc\u00e9 en f\u00e9vrier dernier, au prix de 3500$, l&rsquo;Apple Vision Pro n&rsquo;est pour l&rsquo;heure pas disponible qu&rsquo;aux \u00c9tats-Unis, mais un lancement \u00e0 l&rsquo;\u00e9chelle internationale est pr\u00e9vu avant la fin de l&rsquo;ann\u00e9e 2024.<\/p>\n\n\n\n<div style=\"height:100px\" aria-hidden=\"true\" class=\"wp-block-spacer\"><\/div>\n","protected":false},"excerpt":{"rendered":"<p>Selon un article publi\u00e9 sur le m\u00e9dia IGN, Apple va r\u00e9duire la production de son dernier casque de r\u00e9alit\u00e9 virtuelle, le Vision Pro, \u00e0 cause du nombre d\u00e9cevant de ventes&#8230;.<\/p>\n","protected":false},"author":2,"featured_media":10449,"comment_status":"open","ping_status":"open","sticky":false,"template":"","format":"standard","meta":{"_jetpack_memberships_contains_paid_content":false,"footnotes":"","jetpack_publicize_message":"","jetpack_publicize_feature_enabled":true,"jetpack_social_post_already_shared":true,"jetpack_social_options":{"image_generator_settings":{"template":"highway","default_image_id":0,"font":"","enabled":false},"version":2}},"categories":[2,301,528],"tags":[],"class_list":["post-10450","post","type-post","status-publish","format-standard","has-post-thumbnail","hentry","category-news","category-tech","category-vr","article","has-background","no-border","has-excerpt","has-avatar","has-author","has-date","has-comment-count","has-category-meta","has-read-more","thumbnail-"],"jetpack_publicize_connections":[],"jetpack_featured_media_url":"https:\/\/flashgeek.fr\/wp-content\/uploads\/2024\/04\/apple-wwdc23-vision-pro-rotation-2306058655709473395580199.jpg","jetpack_sharing_enabled":true,"_links":{"self":[{"href":"https:\/\/flashgeek.fr\/index.php\/wp-json\/wp\/v2\/posts\/10450","targetHints":{"allow":["GET"]}}],"collection":[{"href":"https:\/\/flashgeek.fr\/index.php\/wp-json\/wp\/v2\/posts"}],"about":[{"href":"https:\/\/flashgeek.fr\/index.php\/wp-json\/wp\/v2\/types\/post"}],"author":[{"embeddable":true,"href":"https:\/\/flashgeek.fr\/index.php\/wp-json\/wp\/v2\/users\/2"}],"replies":[{"embeddable":true,"href":"https:\/\/flashgeek.fr\/index.php\/wp-json\/wp\/v2\/comments?post=10450"}],"version-history":[{"count":0,"href":"https:\/\/flashgeek.fr\/index.php\/wp-json\/wp\/v2\/posts\/10450\/revisions"}],"wp:featuredmedia":[{"embeddable":true,"href":"https:\/\/flashgeek.fr\/index.php\/wp-json\/wp\/v2\/media\/10449"}],"wp:attachment":[{"href":"https:\/\/flashgeek.fr\/index.php\/wp-json\/wp\/v2\/media?parent=10450"}],"wp:term":[{"taxonomy":"category","embeddable":true,"href":"https:\/\/flashgeek.fr\/index.php\/wp-json\/wp\/v2\/categories?post=10450"},{"taxonomy":"post_tag","embeddable":true,"href":"https:\/\/flashgeek.fr\/index.php\/wp-json\/wp\/v2\/tags?post=10450"}],"curies":[{"name":"wp","href":"https:\/\/api.w.org\/{rel}","templated":true}]}}